{"id":1312,"date":"2007-12-08T13:46:13","date_gmt":"2007-12-08T12:46:13","guid":{"rendered":"http:\/\/www.cahiers-antispecistes.org\/?p=1312&#038;lang=it"},"modified":"2016-05-01T13:49:26","modified_gmt":"2016-05-01T11:49:26","slug":"protezione-animale-liberazione-animale","status":"publish","type":"post","link":"https:\/\/www.cahiers-antispecistes.org\/it\/protezione-animale-liberazione-animale\/","title":{"rendered":"Protezione animale \/ liberazione animale"},"content":{"rendered":"<div class=\"champ contenu_texte\">\n<div class=\"texte\" dir=\"ltr\">\n<p>La protezione animale come movimento organizzato esiste da circa un secolo e mezzo; sebbene evidentemente, a livello individuale, ci siano sempre stati atti di amicizia e di compassione senza distinzione di specie. La liberazione animale, che invece rimette in discussione i presupposti fondamentali dello specismo, \u00e8 nata come movimento a partire dal 1975, anno della pubblicazione da parte di Peter Singer di <i>Animal Liberation<\/i><span class=\"spip_note_ref\">\u00a0[<a id=\"nh1\" class=\"spip_note\" title=\"Peter Singer, ed. Jonathan Cape, Londra, 1975 e 1990; vd. anche Le\u00a0(...)\" href=\"#nb1\" rel=\"footnote\">1<\/a>]<\/span>. Anche in questo caso, le idee stesse non risalgono al 1975, poich\u00e9 lo specismo \u00e8 stato molto spesso rimesso in discussione nel corso della storia da parte di persone generalmente \u2013 ma non sempre \u2013 isolate, e se tale rimessa in discussione sembra oggi sconveniente a molte persone, ci\u00f2 \u00e8 senza dubbio dovuto in buona misura a due millenni di cristianesimo che hanno soffocato ogni volont\u00e0 di considerare gli interessi non umani in quanto tali<span class=\"spip_note_ref\">\u00a0[<a id=\"nh2\" class=\"spip_note\" title=\"Cfr. l\u2019enciclica Solicitudo Rei Socialis di papa Giovanni Paolo II, 1988,\u00a0(...)\" href=\"#nb2\" rel=\"footnote\">2<\/a>]<\/span> (questo pu\u00f2 sembrare paradossale a quelli che, come me, sono stati cresciuti nell\u2019idea che il cristianesimo, almeno in teoria, professi un amore speciale verso i pi\u00f9 svantaggiati).<\/p>\n<h2>La carne<\/h2>\n<p>Si potrebbe pensare che l\u2019attuale movimento di liberazione animale rappresenti semplicemente il prolungamento, o addirittura il successo, del precedente movimento di protezione animale. \u00c8 in parte quello che a noi piaceva pensare, quando, due anni fa, io e quattro amici abbiamo prodotto l\u2019opuscolo <i>Noi non mangiamo carne per non uccidere animali<\/i><span class=\"spip_note_ref\">\u00a0[<a id=\"nh3\" class=\"spip_note\" title=\"Opuscolo collettivo, ed. Y. Bonnardel, Lione 1989.\" href=\"#nb3\" rel=\"footnote\">3<\/a>]<\/span>. Sapevamo che poca gente all\u2019interno delle associazioni di protezione animale era vegetariana, ma abbiamo preso contatto con tali associazioni perch\u00e9 pensavamo che le loro intenzioni fossero, almeno teoricamente, uguali alle nostre.<\/p>\n<p>Siamo stati delusi. Ci siamo presto resi conto che davamo fastidio \u2013 quando non siamo stati esplicitamente insultati (\u00abmangiatori d\u2019erba\u00bb). Gli unici che ci hanno aiutato appartenevano alla minoranza, piccola ma non trascurabile, dei militanti gi\u00e0 vegetariani, e se il nostro opuscolo ha convinto qualche decina di persone a smettere di mangiare carne, ci\u00f2 \u00e8 successo sempre <i>fuori<\/i> dall\u2019ambito della protezione animale. In seno alla protezione animale, per contro, coloro che mangiano carne sanno molto bene ci\u00f2 che fanno e non hanno intenzione di smettere.<\/p>\n<p>Noi speravamo ugualmente di trovare fra questi vegetariani della protezione animale degli alleati, che ci aiutassero ad imporre all\u2019insieme del movimento una rimessa in discussione della carne. Siamo stati ancora delusi. Alcuni ci hanno aiutato a far conoscere e a diffondere il nostro <i>Noi non\u2026<\/i>, ma senza mai impegnarsi personalmente; paradossalmente, sembravano sistematicamente voler considerare che il vegetarismo non potesse dipendere che da una scelta personale.<\/p>\n<p>Era come se in seno alla protezione animale esistesse un tacito accordo per non rimettere in causa le regole basilari che determinano i rapporti fra gli umani e gli altri animali: se viene consentito di non mangiare carne, ci\u00f2 deve rappresentare tutt\u2019al pi\u00f9 una rimessa in causa limitata agli aspetti non essenziali delle pratiche speciste, come l\u2019allevamento in batteria. Nella migliore delle ipotesi, verr\u00e0 evocata la dietetica, o il carattere \u00abnon naturale\u00bb del consumo di carne da parte degli umani, per evitare di contestare la giustezza dell\u2019utilizzo di animali non umani a nostro piacimento, dal momento che il profitto che ne possiamo trarre \u00e8 reale. Se qualcuno ammette che \u00e8 per gli animali che si astiene dalla carne, nessuno arriva fino al punto di ritenere che tale questione meriti che in suo nome si rompa il consenso del gruppo, unito nella sua lotta contro il nemico numero uno: il mostro (il vivisettore).<\/p>\n<h2>La vivisezione<\/h2>\n<p>Si potrebbe sperare che almeno sulla vivisezione noi siamo d\u2019accordo con la protezione animale \u2013 anche se per noi tale questione non pu\u00f2 essere che un aspetto \u00abesotico\u00bb del problema, come la corrida o il consumo di cani coreani, finch\u00e9 il buon umano medio manger\u00e0 carne tutti i giorni.<\/p>\n<p>Anche stavolta, siamo stati delusi. Anzich\u00e9 rimettere in discussione il principio dell\u2019utilizzo di animali per un qualsiasi fine umano, la protezione animale insiste sull\u2019\u00abinutilit\u00e0\u00bb degli esperimenti \u2013 inutilit\u00e0 per gli umani, s\u2019intende.<\/p>\n<h2>Gli avvocati degli animali<\/h2>\n<p>La protezione animale, in realt\u00e0, \u00e8 come la difesa legale<span class=\"spip_note_ref\">\u00a0[<a id=\"nh4\" class=\"spip_note\" title=\"Si \u00e8 scelto di tradurre l\u2019originale d\u00e9fense animale, in tutto il testo, con\u00a0(...)\" href=\"#nb4\" rel=\"footnote\">4<\/a>]<\/span>. L\u2019avvocato \u2013 il difensore \u2013 di un ladro deve poter difendere il suo cliente, cio\u00e8 chiedere che non venga condannato, o che sia condannato di meno, senza contestare le leggi che condannano i ladri. La protezione animale difende gli animali, all\u2019interno di un sistema dato. In difesa dei cani, dir\u00e0 che tengono compagnia agli anziani, in difesa dei gatti, che ammazzano i topi, in difesa dei topi, che il loro uso negli esperimenti non \u00e8 affidabile. In difesa delle anatre, che il fegato d\u2019oca \u00e8 tossico, in difesa delle lepri, che la caccia uccide gli umani.<\/p>\n<p>Sull\u2019avvocato di un ladro pesa sempre, malgrado tutto, la minaccia di essere scambiato per l\u2019avvocato <i>dei<\/i> ladri, per un loro amico, per un sostenitore del furto. \u00c8 vitale, per la sua difesa, che il giudice non abbia l\u2019impressione, se libera <i>quel<\/i> ladro, di liberare <i>tutti<\/i> i ladri. Allo stesso modo, la difesa animale avverte come vitale la necessit\u00e0 di non rimettere in discussione lo specismo.<\/p>\n<h2>Radicalit\u00e0?<\/h2>\n<p>La distinzione che facciamo fra protezione e liberazione animale non \u00e8 una semplice questione di radicalit\u00e0. I sostenitori di Hans Ruesch, per esempio, sono molto radicali nel loro rifiuto di concedere alla vivisezione il bench\u00e9 minimo valore scientifico, e sono quindi abolizionisti duri e puri. D\u2019altro canto, a causa della struttura delle loro argomentazioni, sono radicalmente immobilisti, poich\u00e9 consacrano una gran parte del loro tempo a vietare ogni messa in discussione dello specismo (gli argomenti etici, secondo loro, sono inefficaci, o non scientifici, o lagnosi, ecc.). Allo stesso modo, in Francia, le incursioni contro i laboratori di vivisezione sono state quasi sempre fatte da mangiatori di carne. Intanto, i liberazionisti, dal canto loro, pubblicano degli opuscoli per diffondere le loro idee. E non mangiano carne.<\/p>\n<p>Se io sono per la liberazione animale, non \u00e8 per la sua radicalit\u00e0. Non rimprovero alla protezione animale di essere \u00abdebole\u00bb o \u00abmoderata\u00bb; le rimprovero di difendere lo specismo. Io non cerco l\u2019estremismo delle idee, io sono per la giustezza delle idee. E lo specismo non \u00e8 un\u2019idea giusta.<\/p>\n<\/div>\n<\/div>\n<div class=\"champ contenu_notes\">\n<h2 class=\"label\">Notes<\/h2>\n<div class=\"notes\" dir=\"ltr\">\n<div id=\"nb1\">\n<p><span class=\"spip_note_ref\">[<a class=\"spip_note\" title=\"Notes 1\" href=\"#nh1\" rev=\"footnote\">1<\/a>]\u00a0<\/span>Peter Singer, ed. Jonathan Cape, Londra, 1975 e 1990; vd. anche <i>Le mouvement de lib\u00e9ration animale<\/i>, P. Singer, ed. F. Blanchon, Lione 1991.<\/p>\n<\/div>\n<div id=\"nb2\">\n<p><span class=\"spip_note_ref\">[<a class=\"spip_note\" title=\"Notes 2\" href=\"#nh2\" rev=\"footnote\">2<\/a>]\u00a0<\/span>Cfr. l\u2019enciclica <i>Solicitudo Rei Socialis<\/i> di papa Giovanni Paolo II, 1988, che sembra avviare una svolta, ma in realt\u00e0 non prende in considerazione gli animali se non in quanto componenti del \u00abmondo naturale\u00bb, e non come esseri dotati dei loro propri interessi e della loro propria vita da vivere.<\/p>\n<\/div>\n<div id=\"nb3\">\n<p><span class=\"spip_note_ref\">[<a class=\"spip_note\" title=\"Notes 3\" href=\"#nh3\" rev=\"footnote\">3<\/a>]\u00a0<\/span>Opuscolo collettivo, ed. Y. Bonnardel, Lione 1989.<\/p>\n<\/div>\n<div id=\"nb4\">\n<p><span class=\"spip_note_ref\">[<a class=\"spip_note\" title=\"Notes 4\" href=\"#nh4\" rev=\"footnote\">4<\/a>]\u00a0<\/span>Si \u00e8 scelto di tradurre l\u2019originale <i>d\u00e9fense animale<\/i>, in tutto il testo, con l\u2019espressione <i>protezione animale<\/i>, pi\u00f9 conforme al concetto italiano di <i>protezionismo<\/i>. Questo paragrafo gioca per\u00f2, nell\u2019originale, sull\u2019assonanza fra <i>difesa animale<\/i> e <i>difesa legale<\/i> (N.d.T.).<\/p>\n<\/div>\n<\/div>\n<\/div>\n<div class=\"wp-socializer wpsr-share-icons \" data-lg-action=\"show\" data-sm-action=\"show\" data-sm-width=\"768\" ><h3>Share and Enjoy !<\/h3><div class=\"wpsr-si-inner\"><div class=\"wpsr-counter wpsrc-sz-32px\" style=\"color:#000\"><span class=\"scount\"><span data-wpsrs=\"\" data-wpsrs-svcs=\"facebook,twitter,linkedin,pinterest,print,pdf\">0<\/span><\/span><small class=\"stext\">Shares<\/small><\/div><div class=\"socializer sr-popup sr-32px sr-circle sr-opacity sr-pad sr-count-1 sr-count-1\"><span class=\"sr-facebook\"><a rel=\"nofollow\" href=\"https:\/\/www.facebook.com\/share.php?u=\" target=\"_blank\"  title=\"Share this on Facebook\"  style=\"color: #ffffff\" ><i class=\"fab fa-facebook-f\"><\/i><span class=\"ctext\"><span data-wpsrs=\"\" data-wpsrs-svcs=\"facebook\">0<\/span><\/span><\/a><\/span>\n<span class=\"sr-twitter\"><a rel=\"nofollow\" href=\"https:\/\/twitter.com\/intent\/tweet?text=%20-%20%20\" target=\"_blank\"  title=\"Tweet this !\"  style=\"color: #ffffff\" ><i class=\"fab fa-twitter\"><\/i><\/a><\/span>\n<span class=\"sr-linkedin\"><a rel=\"nofollow\" href=\"https:\/\/www.linkedin.com\/sharing\/share-offsite\/?url=\" target=\"_blank\"  title=\"Add this to LinkedIn\"  style=\"color: #ffffff\" ><i class=\"fab fa-linkedin-in\"><\/i><\/a><\/span>\n<span class=\"sr-pinterest\"><a rel=\"nofollow\" href=\"https:\/\/www.pinterest.com\/pin\/create\/button\/?url=&amp;media=&amp;description=\" target=\"_blank\"  title=\"Submit this to Pinterest\"  style=\"color: #ffffff\" data-pin-custom=\"true\"><i class=\"fab fa-pinterest\"><\/i><span class=\"ctext\"><span data-wpsrs=\"\" data-wpsrs-svcs=\"pinterest\">0<\/span><\/span><\/a><\/span>\n<span class=\"sr-print\"><a rel=\"nofollow\" href=\"https:\/\/www.printfriendly.com\/print?url=\" target=\"_blank\"  title=\"Print this article \"  style=\"color: #ffffff\" ><i class=\"fa fa-print\"><\/i><\/a><\/span>\n<span class=\"sr-pdf\"><a rel=\"nofollow\" href=\"https:\/\/www.printfriendly.com\/print?url=\" target=\"_blank\"  title=\"Convert to PDF\"  style=\"color: #ffffff\" ><i class=\"fa fa-file-pdf\"><\/i><\/a><\/span><\/div><\/div><\/div>","protected":false},"excerpt":{"rendered":"<p>La protezione animale come movimento organizzato esiste da circa un secolo e mezzo; sebbene evidentemente, a livello individuale, ci siano sempre stati atti di amicizia e di compassione senza distinzione di specie. La liberazione animale, che invece rimette in discussione i presupposti fondamentali dello specismo, \u00e8 nata come movimento a partire dal 1975, anno della [&hellip;]<\/p>\n","protected":false},"author":1,"featured_media":0,"comment_status":"closed","ping_status":"open","sticky":false,"template":"","format":"standard","meta":[],"categories":[51],"tags":[],"yoast_head":"<!-- This site is optimized with the Yoast SEO plugin v14.9 - https:\/\/yoast.com\/wordpress\/plugins\/seo\/ -->\n<title>Protezione animale \/ liberazione animale - Les Cahiers antisp\u00e9cistes<\/title>\n<meta name=\"robots\" content=\"index, follow, max-snippet:-1, max-image-preview:large, max-video-preview:-1\" \/>\n<link rel=\"canonical\" href=\"https:\/\/www.cahiers-antispecistes.org\/it\/protezione-animale-liberazione-animale\/\" \/>\n<meta property=\"og:locale\" content=\"it_IT\" \/>\n<meta property=\"og:type\" content=\"article\" \/>\n<meta property=\"og:title\" content=\"Protezione animale \/ liberazione animale - Les Cahiers antisp\u00e9cistes\" \/>\n<meta property=\"og:description\" content=\"La protezione animale come movimento organizzato esiste da circa un secolo e mezzo; sebbene evidentemente, a livello individuale, ci siano sempre stati atti di amicizia e di compassione senza distinzione di specie. La liberazione animale, che invece rimette in discussione i presupposti fondamentali dello specismo, \u00e8 nata come movimento a partire dal 1975, anno della [&hellip;]\" \/>\n<meta property=\"og:url\" content=\"https:\/\/www.cahiers-antispecistes.org\/it\/protezione-animale-liberazione-animale\/\" \/>\n<meta property=\"og:site_name\" content=\"Les Cahiers antisp\u00e9cistes\" \/>\n<meta property=\"article:published_time\" content=\"2007-12-08T12:46:13+00:00\" \/>\n<meta property=\"article:modified_time\" content=\"2016-05-01T11:49:26+00:00\" \/>\n<meta name=\"twitter:card\" content=\"summary_large_image\" \/>\n<script type=\"application\/ld+json\" class=\"yoast-schema-graph\">{\"@context\":\"https:\/\/schema.org\",\"@graph\":[{\"@type\":\"WebSite\",\"@id\":\"https:\/\/www.cahiers-antispecistes.org\/it\/#website\",\"url\":\"https:\/\/www.cahiers-antispecistes.org\/it\/\",\"name\":\"Les Cahiers antisp\\u00e9cistes\",\"description\":\"R\\u00e9flexion et action pour l&#039;\\u00e9galit\\u00e9 animale\",\"potentialAction\":[{\"@type\":\"SearchAction\",\"target\":\"https:\/\/www.cahiers-antispecistes.org\/it\/?s={search_term_string}\",\"query-input\":\"required name=search_term_string\"}],\"inLanguage\":\"it-IT\"},{\"@type\":\"WebPage\",\"@id\":\"https:\/\/www.cahiers-antispecistes.org\/it\/protezione-animale-liberazione-animale\/#webpage\",\"url\":\"https:\/\/www.cahiers-antispecistes.org\/it\/protezione-animale-liberazione-animale\/\",\"name\":\"Protezione animale \/ liberazione animale - Les Cahiers antisp\\u00e9cistes\",\"isPartOf\":{\"@id\":\"https:\/\/www.cahiers-antispecistes.org\/it\/#website\"},\"datePublished\":\"2007-12-08T12:46:13+00:00\",\"dateModified\":\"2016-05-01T11:49:26+00:00\",\"author\":{\"@id\":\"https:\/\/www.cahiers-antispecistes.org\/it\/#\/schema\/person\/89a64b720f08d2c8d2bd8491a7986150\"},\"inLanguage\":\"it-IT\",\"potentialAction\":[{\"@type\":\"ReadAction\",\"target\":[\"https:\/\/www.cahiers-antispecistes.org\/it\/protezione-animale-liberazione-animale\/\"]}]},{\"@type\":\"Person\",\"@id\":\"https:\/\/www.cahiers-antispecistes.org\/it\/#\/schema\/person\/89a64b720f08d2c8d2bd8491a7986150\",\"name\":\"David Olivier\",\"image\":{\"@type\":\"ImageObject\",\"@id\":\"https:\/\/www.cahiers-antispecistes.org\/it\/#personlogo\",\"inLanguage\":\"it-IT\",\"url\":\"https:\/\/secure.gravatar.com\/avatar\/010fc3d57bff8d3e98030164d1c19d41?s=96&d=mm&r=g\",\"caption\":\"David Olivier\"}}]}<\/script>\n<!-- \/ Yoast SEO plugin. -->","_links":{"self":[{"href":"https:\/\/www.cahiers-antispecistes.org\/it\/wp-json\/wp\/v2\/posts\/1312\/"}],"collection":[{"href":"https:\/\/www.cahiers-antispecistes.org\/it\/wp-json\/wp\/v2\/posts\/"}],"about":[{"href":"https:\/\/www.cahiers-antispecistes.org\/it\/wp-json\/wp\/v2\/types\/post\/"}],"author":[{"embeddable":true,"href":"https:\/\/www.cahiers-antispecistes.org\/it\/wp-json\/wp\/v2\/users\/1\/"}],"replies":[{"embeddable":true,"href":"https:\/\/www.cahiers-antispecistes.org\/it\/wp-json\/wp\/v2\/comments\/?post=1312"}],"version-history":[{"count":1,"href":"https:\/\/www.cahiers-antispecistes.org\/it\/wp-json\/wp\/v2\/posts\/1312\/revisions\/"}],"predecessor-version":[{"id":1313,"href":"https:\/\/www.cahiers-antispecistes.org\/it\/wp-json\/wp\/v2\/posts\/1312\/revisions\/1313\/"}],"wp:attachment":[{"href":"https:\/\/www.cahiers-antispecistes.org\/it\/wp-json\/wp\/v2\/media\/?parent=1312"}],"wp:term":[{"taxonomy":"category","embeddable":true,"href":"https:\/\/www.cahiers-antispecistes.org\/it\/wp-json\/wp\/v2\/categories\/?post=1312"},{"taxonomy":"post_tag","embeddable":true,"href":"https:\/\/www.cahiers-antispecistes.org\/it\/wp-json\/wp\/v2\/tags\/?post=1312"}],"curies":[{"name":"wp","href":"https:\/\/api.w.org\/{rel}","templated":true}]}}